{"id":232,"date":"2015-05-31T20:48:33","date_gmt":"2015-05-31T18:48:33","guid":{"rendered":"http:\/\/s877794110.online.de\/?p=232"},"modified":"2021-08-23T10:59:22","modified_gmt":"2021-08-23T08:59:22","slug":"aktionstag-upn-hoff","status":"publish","type":"post","link":"https:\/\/hegering-everswinkel.de\/index.php\/2015\/05\/31\/aktionstag-upn-hoff\/","title":{"rendered":"Aktionstag Up&#8217;n Hoff"},"content":{"rendered":"\n<p>Am 31.05.2015 veranstaltete der Hegering Everswinkel in Kombination mit dem Heimatverein zum wiederholten Mal einen Aktionstag am Upn Hoff Museum Everswinkel.<\/p>\n\n\n\n<p>Die Veranstaltung diente dazu, den Besuchern die Jagd und alles was dazu geh\u00f6rt n\u00e4her zu bringen. Die J\u00e4ger des Hegeringes standen dabei f\u00fcr informative Gespr\u00e4che zur Verf\u00fcgung und veranschaulichten ihre Arbeit mit einer Jagdhundeshow und der Ausstellung der f\u00fcr Kaninchenjagd ben\u00f6tigten Frettchen.<\/p>\n\n\n\n<p>Seit 2009 beherbergt das Museum Glasvitrinen in denen der Hegering heimische Tierarten zur Schau stellt und diese auch an diesem Tag mit Interessanten Wissen vorstellte.<\/p>\n\n\n\n<p>Vor allem f\u00fcr die j\u00fcngeren G\u00e4ste wurde einiges geboten. Es konnten Nistk\u00e4sten gebaut, sowie Leinenrucks\u00e4cke mit spannenden Tiermotiven bedruckt werden.<\/p>\n\n\n\n<p>F\u00fcr das leibliche Wohl wurde leckeres Wild vom Grill angeboten und musikalisch untermalt wurde der Tag durch das Jagdhornbl\u00e4sercorp Everswinkel.<\/p>\n","protected":false},"excerpt":{"rendered":"<p>Am 31.05.2015 veranstaltete der Hegering Everswinkel in Kombination mit dem Heimatverein zum wiederholten Mal einen Aktionstag am Upn Hoff Museum Everswinkel. Die Veranstaltung diente dazu, den Besuchern die Jagd und alles was dazu geh\u00f6rt n\u00e4her zu bringen. Die J\u00e4ger des Hegeringes standen dabei f\u00fcr informative Gespr\u00e4che zur Verf\u00fcgung und veranschaulichten ihre Arbeit mit einer Jagdhundeshow [&hellip;]<\/p>\n","protected":false},"author":1,"featured_media":0,"comment_status":"open","ping_status":"open","sticky":false,"template":"","format":"standard","meta":{"material-hide-sections":[],"footnotes":""},"categories":[16,2],"tags":[],"class_list":["post-232","post","type-post","status-publish","format-standard","hentry","category-16","category-bericht"],"publishpress_future_action":{"enabled":false,"date":"2026-05-08 03:16:44","action":"change-status","newStatus":"draft","terms":[],"taxonomy":"category","extraData":[]},"publishpress_future_workflow_manual_trigger":{"enabledWorkflows":[]},"_links":{"self":[{"href":"https:\/\/hegering-everswinkel.de\/index.php\/wp-json\/wp\/v2\/posts\/232","targetHints":{"allow":["GET"]}}],"collection":[{"href":"https:\/\/hegering-everswinkel.de\/index.php\/wp-json\/wp\/v2\/posts"}],"about":[{"href":"https:\/\/hegering-everswinkel.de\/index.php\/wp-json\/wp\/v2\/types\/post"}],"author":[{"embeddable":true,"href":"https:\/\/hegering-everswinkel.de\/index.php\/wp-json\/wp\/v2\/users\/1"}],"replies":[{"embeddable":true,"href":"https:\/\/hegering-everswinkel.de\/index.php\/wp-json\/wp\/v2\/comments?post=232"}],"version-history":[{"count":3,"href":"https:\/\/hegering-everswinkel.de\/index.php\/wp-json\/wp\/v2\/posts\/232\/revisions"}],"predecessor-version":[{"id":766,"href":"https:\/\/hegering-everswinkel.de\/index.php\/wp-json\/wp\/v2\/posts\/232\/revisions\/766"}],"wp:attachment":[{"href":"https:\/\/hegering-everswinkel.de\/index.php\/wp-json\/wp\/v2\/media?parent=232"}],"wp:term":[{"taxonomy":"category","embeddable":true,"href":"https:\/\/hegering-everswinkel.de\/index.php\/wp-json\/wp\/v2\/categories?post=232"},{"taxonomy":"post_tag","embeddable":true,"href":"https:\/\/hegering-everswinkel.de\/index.php\/wp-json\/wp\/v2\/tags?post=232"}],"curies":[{"name":"wp","href":"https:\/\/api.w.org\/{rel}","templated":true}]}}